{"id":1063,"date":"2023-09-18T15:40:23","date_gmt":"2023-09-18T15:40:23","guid":{"rendered":"https:\/\/katheineesquia.com\/?p=1063"},"modified":"2024-08-21T19:24:51","modified_gmt":"2024-08-22T00:24:51","slug":"como-matar-a-una-abogada","status":"publish","type":"post","link":"https:\/\/katheineesquia.com\/?p=1063","title":{"rendered":"\u00bfC\u00f3mo matar a una abogada?"},"content":{"rendered":"\n<blockquote class=\"wp-block-quote is-layout-flow wp-block-quote-is-layout-flow\">\n<p>\u00abSi no podemos poner fin a nuestras diferencias, contribuyamos a que el mundo sea un lugar aptos para ellas\u00bb.<\/p>\n<cite>John F. Kennedy<\/cite><\/blockquote>\n\n\n\n<p>Se llamaba C. Era una jovencita muy vivaz, llena de energ\u00eda y bastante elocuente, pero sobre todo, impetuosa. Siempre levantaba a voz para aclarar, precisar y sobre todo defender a sus compa\u00f1eras que se quedaban calladas. Seg\u00fan me comentaron algunas de ella, no le importaba pelearse con otras alumnas por lo que ella cre\u00eda. Si alguien hablaba mal de ella o de alguna de sus amigas, se peleaba; si se sent\u00eda atacada, se peleaba; si alguien molestaba a alguna de sus amiga, se peleaba&#8230; Me gusta pensar que si se peleaba con el mundo era por lo que cre\u00eda justo y en eso, me recordaba  mucho a m\u00ed.<\/p>\n\n\n\n<p>En clases, cuando alguna de sus compa\u00f1eras no presentaba alg\u00fan trabajo o llegaba tarde del recreo, siempre levantaba la voz para defenderlas: \u00abmiss, ella no vino el mi\u00e9rcoles porque su mam\u00e1 estaba mal\u00bb, \u00abmiss, no ha hecho la tarea porque estaba enferma\u00bb, \u00abmiss, X ha llegado tardes porque la profesora Y la ha retenido\u00bb, \u00abmiss, \u00bfpuede hablar con X porque se siente mal?\u00bb, etc. As\u00ed, se convirti\u00f3 en la defensora del pueblo, la abogada de los pobres, en mi futura abogada.<\/p>\n\n\n\n<!--more-->\n\n\n\n<p>No hab\u00eda momento en que no le sugiriera aplicarse, en tratar de motivarla para que pueda seguir una carrera de leyes m\u00e1s adelante y llegar quiz\u00e1 a convertirse en una defensora p\u00fablica, como mi amiga S., de quien le habl\u00e9. Ella se mostraba interesada, motivada por el tema. Para m\u00ed, lo importante era que tuviera una meta, un objetivo, una visi\u00f3n de un futuro mejor.<\/p>\n\n\n\n<p>Sin embargo, C empez\u00f3 a cambiar. De un d\u00eda para el otro, empez\u00f3 a mostrarse ap\u00e1tica, desganada, dispersa, incluso oposicionista. Era como si ya nada le interesara. Cuando ped\u00ed hablar con su mam\u00e1, me enter\u00e9 que viv\u00eda con su abuelita y que no ten\u00eda contacto con sus padres. Su hermana, bastante joven tambi\u00e9n, me inform\u00f3 sobre su preocupaci\u00f3n por algunas conductas que presentaba y los contactos que ten\u00eda por redes sociales. Por la seriedad del tema, convers\u00e9 con el \u00e1rea de orientaci\u00f3n escolar para que el coordinador pudiera intervenir, por el peligro en el que se encontraba. Porque si el desarrollo integral de la estudiante estaba en riesgo, el colegio deber\u00eda actuar.<\/p>\n\n\n\n<p>El responsable del \u00e1rea me record\u00f3 que primero deb\u00eda tomar medidas yo, antes de hablar con \u00e9l. Le inform\u00e9 que no era una queja, sino una preocupaci\u00f3n. La menor estaba en peligro y necesitaba que la ayudaran. Todo esto lo apunt\u00f3 en su cuaderno. Pens\u00e9 ingenuamente que iban a buscar apoyo de alg\u00fan psic\u00f3logo, que con la tutora pod\u00edan trabajar quiz\u00e1 sobre el riesgo de las redes sociales y fortalecer los v\u00ednculos entre las estudiantes, quiz\u00e1 que ver\u00edan la forma de hacer que todo el grupo tome conciencia sobre la necesidad de pedir ayuda y que no se sientan solas. D\u00edas despu\u00e9s, me enter\u00e9 que le mandaron una notificaci\u00f3n donde condicionaban su regreso al colegio a la presencia de sus tutores. C nunca m\u00e1s volvi\u00f3. \u00abEra una estudiante conflictiva\u00bb, me dijeron. Se quer\u00edan deshacer de ella y as\u00ed lo hicieron.<\/p>\n\n\n\n<p><\/p>\n","protected":false},"excerpt":{"rendered":"<p>\u00abSi no podemos poner fin a nuestras diferencias, contribuyamos a que el mundo sea un lugar aptos para ellas\u00bb. John&#8230;<\/p>\n","protected":false},"author":1,"featured_media":1064,"comment_status":"open","ping_status":"closed","sticky":false,"template":"","format":"standard","meta":{"_jetpack_memberships_contains_paid_content":false,"footnotes":"","jetpack_publicize_message":"","jetpack_publicize_feature_enabled":true,"jetpack_social_post_already_shared":true,"jetpack_social_options":{"image_generator_settings":{"template":"highway","enabled":false},"version":2}},"categories":[310],"tags":[301,304,302,303,212],"class_list":["post-1063","post","type-post","status-publish","format-standard","has-post-thumbnail","hentry","category-aprendizaje","tag-educacion","tag-estudiantes","tag-inclusion","tag-orientacion","tag-reflexion","post-archive"],"jetpack_publicize_connections":[],"jetpack_featured_media_url":"https:\/\/katheineesquia.com\/wp-content\/uploads\/2023\/09\/educacion-creatividad.jpg","jetpack-related-posts":[],"jetpack_sharing_enabled":true,"jetpack_likes_enabled":true,"_links":{"self":[{"href":"https:\/\/katheineesquia.com\/index.php?rest_route=\/wp\/v2\/posts\/1063","targetHints":{"allow":["GET"]}}],"collection":[{"href":"https:\/\/katheineesquia.com\/index.php?rest_route=\/wp\/v2\/posts"}],"about":[{"href":"https:\/\/katheineesquia.com\/index.php?rest_route=\/wp\/v2\/types\/post"}],"author":[{"embeddable":true,"href":"https:\/\/katheineesquia.com\/index.php?rest_route=\/wp\/v2\/users\/1"}],"replies":[{"embeddable":true,"href":"https:\/\/katheineesquia.com\/index.php?rest_route=%2Fwp%2Fv2%2Fcomments&post=1063"}],"version-history":[{"count":1,"href":"https:\/\/katheineesquia.com\/index.php?rest_route=\/wp\/v2\/posts\/1063\/revisions"}],"predecessor-version":[{"id":1065,"href":"https:\/\/katheineesquia.com\/index.php?rest_route=\/wp\/v2\/posts\/1063\/revisions\/1065"}],"wp:featuredmedia":[{"embeddable":true,"href":"https:\/\/katheineesquia.com\/index.php?rest_route=\/wp\/v2\/media\/1064"}],"wp:attachment":[{"href":"https:\/\/katheineesquia.com\/index.php?rest_route=%2Fwp%2Fv2%2Fmedia&parent=1063"}],"wp:term":[{"taxonomy":"category","embeddable":true,"href":"https:\/\/katheineesquia.com\/index.php?rest_route=%2Fwp%2Fv2%2Fcategories&post=1063"},{"taxonomy":"post_tag","embeddable":true,"href":"https:\/\/katheineesquia.com\/index.php?rest_route=%2Fwp%2Fv2%2Ftags&post=1063"}],"curies":[{"name":"wp","href":"https:\/\/api.w.org\/{rel}","templated":true}]}}