{"id":141,"date":"2009-08-29T21:10:06","date_gmt":"2009-08-29T21:10:06","guid":{"rendered":"http:\/\/misskathy.net\/?p=141"},"modified":"2023-09-12T10:12:10","modified_gmt":"2023-09-12T10:12:10","slug":"mi-everest-y-yo","status":"publish","type":"post","link":"https:\/\/katheineesquia.com\/?p=141","title":{"rendered":"\u00a1Mi Everest y yo!"},"content":{"rendered":"<p style=\"text-align:justify;\">Hace mucho tiempo, buscando im\u00e1genes publicitarias para una clase del colegio, me encontr\u00e9 con un afiche que buscaba vender ROLEX (unos relojes, que tengo entendido son sumamente caros). Para hacerlo, los creativos encargados de la publicidad, no tuvieron mejor idea que explotar la historia de Edmund Hillari, el primer hombre en subir al Everest. Recuerdo que el slogan era \u00abSolo para los que dejan huella\u00bb.<\/p>\n<div class=\"mceTemp mceIEcenter\" style=\"text-align:justify;\">\n<dl class=\"wp-caption   aligncenter\" style=\"width:489px;\">\n<dt class=\"wp-caption-dt\"><a href=\"http:\/\/www.melrosejewelers.co.uk\/images\/rolex-mount-everst-img.jpg\"><img loading=\"lazy\" decoding=\"async\" src=\"http:\/\/www.melrosejewelers.co.uk\/images\/rolex-mount-everst-img.jpg\" alt=\"\" width=\"479\" height=\"290\" \/><\/a><\/dt>\n<dd class=\"wp-caption-dd\">Busqu\u00e9 pero no encontr\u00e9 el afiche completo.<\/dd>\n<\/dl>\n<\/div>\n<p style=\"text-align:justify;\">Definitivamente las grandes haza\u00f1as toman mucho esfuerzo, perseverancia y tiempo. Hoy me he puesto a pensar que todos tenemos nuestros Everest personales, cosas grandes o peque\u00f1as que nos cuestan alma, coraz\u00f3n y vida (como dice la canci\u00f3n). Puede ser obtener una nota a\u00f1orada, lograr un objetivo \u00abaparentemente imposible\u00bb, bajar de peso, aprobar un curso, salir con alguien, etc. Esos detalles que nos quitan el sue\u00f1o y que a veces te gustar\u00eda dejar a un lado porque parece imposible, pero nosotros \u00abmasoquistas\u00bb insistimos en ello.<\/p>\n<p style=\"text-align:justify;\">Si t\u00fa est\u00e1s en esa puja por algo a\u00f1orado, d\u00e9jame que te cuenta cu\u00e1l es mi Everest personal, porque aunque muchos no lo crean no es la p\u00e9rdida de peso, vaya que no.<\/p>\n<p style=\"text-align:justify;\">Voy al gimnasio desde el mes de marzo (motivos, razones y circunstancias, los comentar\u00e9 en otro post), pero esta no es la primera vez que lo hago. Recuerdo que la primera vez que pas\u00e9 por un gym fue en el 2001, porque hab\u00eda bajado mucho de peso y hab\u00eda empezado a recuperarlo y decid\u00ed hacer algo al respecto, as\u00ed que me matricul\u00e9 en el Planet Fitness (quiz\u00e1 hayas o\u00eddo hablar de \u00e9l porque un socio falleci\u00f3 electrocutado mientras corr\u00eda en una caminadora). Este gimnasio con problemas el\u00e9ctricos o no, me gustaba mucho, la gente era s\u00faper amable, todos viv\u00edan como en una familia, y si bien no pude socializar (porque aunque no parezca soy muy t\u00edmida), era feliz all\u00ed.<\/p>\n<p style=\"text-align:justify;\">En este gimnasio, me obsesion\u00e9 con el spinning, sin embargo por las molestias que le generaba a mis rodillas, tuve que dejarlo \u00abun poco\u00bb y mirar hacia otra direcci\u00f3n, y la direcci\u00f3n hacia donde mis ojos se dirigieron me llevaron a intentar subirme a un step por primera vez en la vida. Resultado final: El step me noque\u00f3. S\u00ed, ca\u00ed al suelo y no me dio ganas de levantarme.<\/p>\n<p style=\"text-align:justify;\">Recuerdo que frustrada sal\u00ed de la sala de aer\u00f3bicos y jur\u00e9 nunca m\u00e1s volver a subirme a una de esas diab\u00f3licas armas de la verg\u00fcenza (me refiero al step). Sin embargo, en el gym programaron una clase de introducci\u00f3n para todos aquellos que quer\u00edan empezar a aprender las maravillas de step y que no conoc\u00edan las bases de dicha actividad (debieron mencionar tambi\u00e9n, para todo aquel descoordinado que no sabe c\u00f3mo subirse y mucho menos bajarse de ese ESCAL\u00d3N, porque un step no es m\u00e1s que un ESCAL\u00d3N).<\/p>\n<p style=\"text-align:justify;\">Me apunt\u00e9 en la clase y empec\u00e9. La instructora se llamaba Karem Pez\u00faa, que ahora es instructora en el Gold\u2019s de San Isidro y Camacho. Fue ella la que de manera extremadamente paciente (en mi caso) me ense\u00f1\u00f3 a como subir en un step y no morir en el intento. Ador\u00e9 a Karem Pez\u00faa. Por varios meses, sus clases me encantaban y le agarr\u00e9 la gracia al step. Lamentablemente por falta de dinero tuve que dejar el gym y mis ansias de convertirme en una experta quedaron ah\u00ed.<\/p>\n<p style=\"text-align:justify;\">A\u00f1os despu\u00e9s, y luego de darme de que lo peor que uno puede hacer es dejar el gimnasio, me inscrib\u00ed en el Energym, pues por ocupar ahora el local del Planet (seg\u00fan yo) mantendr\u00eda la misma pol\u00edtica de atenci\u00f3n al cliente. No fue as\u00ed. Ah\u00ed no desarroll\u00e9 mucho el step, porque las clases no me gustaban mucho, salvo la de Gina. Tuve una lesi\u00f3n y nuevamente dej\u00e9 el gimnasio.<\/p>\n<p style=\"text-align:justify;\">Este a\u00f1o, volv\u00ed y me inscrib\u00ed en el Gold\u2019s Gym de Minka, pero me pasaron a San Miguel. Ah\u00ed conoc\u00ed al hombre que me hizo tener ganas de\u00a0 abandonar mi cama e ir corriendo a subirme a un step. Fue tanta la maravilla que hasta ahora espero ansiosa a que lleguen las 7:30 PM de todos los martes y jueves. Mi instructor favorito (hasta ahora) de step se llama Duilio de la Pe\u00f1a, su clase me sale (aunque al inicio no mucho) y ahora me siento feliz en ella.<\/p>\n<p style=\"text-align:justify;\">\n<p style=\"text-align:center;\">[youtube=http:\/\/www.youtube.com\/watch?v=q_ng7fdc7B4&amp;w=445&amp;h=364]<\/p>\n<p style=\"text-align:center;\">\n<p style=\"text-align:justify;\">\u00bfY d\u00f3nde est\u00e1 el Everest? Pues mi Everest personal se llama Ivon, sus clases de step son demasiado alucinantes, sus coreograf\u00edas son maravillosas, ella, que acaba de dar a luz (yo la vi embarazada), es REGIA. Pero sus clases no me salen. Entro, intento, me tropiezo, casi me caigo m\u00e1s veces de las que me gustar\u00eda, pero insisto e insisto. Lamentablemente es cosa com\u00fan que termine con un sentimiento de frustraci\u00f3n muy grande. Debo confesar que hasta he llorado de impotencia (claro que con el sudor, no se nota).<\/p>\n<p style=\"text-align:justify;\">Las clases de Ivon, son mi Everest personal, es esa monta\u00f1a que debo subir y que me hace sudar. Este jueves, Duilio no fue al gym y ella lo cubri\u00f3. Toda desanimada y prepar\u00e1ndome para la frustraci\u00f3n que iba a sentir me qued\u00e9, pero oh, maravilla, su clase me sali\u00f3 completita. Aunque demoro debo confesar.<\/p>\n<p style=\"text-align:justify;\">\u00bfQu\u00e9 hab\u00eda pasado? \u00bfEs que acaso despert\u00e9 siendo m\u00e1s coordinada que nunca? \u00bfO es que por este d\u00eda, Ivon se compadeci\u00f3 e hizo una clase f\u00e1cil? Creo que esta \u00faltima es la respuesta. Porque con el \u00e1nimo al m\u00e1ximo y con toda una barra mental, me fui al gimnasio hoy, convencida de que iba a terminar su coreograf\u00eda. No fue as\u00ed. Me tropec\u00e9 DOS veces y en una casi me caigo de nariz. Sin embargo, hoy me re\u00ed. Me re\u00ed de mi torpeza, de mi descoordinaci\u00f3n y sonre\u00ed porque ahora no me siento tan torpe como antes. Un par de meses m\u00e1s y la hago. LO JURO.<\/p>\n<p style=\"text-align:justify;\">Creo que estoy llegando a la cima y que pronto podr\u00e9 poner mi banderita en la cumbre. S\u00e9 que parece superficial, pero por ahora, en este 2009, este es mi Everest personal, es mi gran reto lograr concluir una clase de Ivon. S\u00e9 que lo har\u00e9 y por eso, hoy me siento feliz.<\/p>\n<p style=\"text-align:center;\">[youtube=http:\/\/www.youtube.com\/watch?v=_cSrBrKGcCw&amp;w=445&amp;h=364]<\/p>\n<p style=\"text-align:center;\">Este es mi local. S\u00ed, ese en donde me he cuasica\u00eddo en varias oportunidades.<\/p>\n<p style=\"text-align:center;\">[youtube=http:\/\/www.youtube.com\/watch?v=i_twaYgqOCM&amp;w=445&amp;h=364]<\/p>\n<p style=\"text-align:center;\">Para los que creen que es facilito.<\/p>\n","protected":false},"excerpt":{"rendered":"<p>Hace mucho tiempo, buscando im\u00e1genes publicitarias para una clase del colegio, me encontr\u00e9 con un afiche que buscaba vender ROLEX&#8230;<\/p>\n","protected":false},"author":2,"featured_media":0,"comment_status":"open","ping_status":"closed","sticky":false,"template":"","format":"standard","meta":{"_jetpack_memberships_contains_paid_content":false,"footnotes":"","jetpack_publicize_message":"","jetpack_publicize_feature_enabled":true,"jetpack_social_post_already_shared":false,"jetpack_social_options":{"image_generator_settings":{"template":"highway","enabled":false},"version":2}},"categories":[250],"tags":[217],"class_list":["post-141","post","type-post","status-publish","format-standard","hentry","category-reflexiones-2","tag-salud","post-archive"],"jetpack_publicize_connections":[],"jetpack_featured_media_url":"","jetpack-related-posts":[],"jetpack_sharing_enabled":true,"jetpack_likes_enabled":true,"_links":{"self":[{"href":"https:\/\/katheineesquia.com\/index.php?rest_route=\/wp\/v2\/posts\/141","targetHints":{"allow":["GET"]}}],"collection":[{"href":"https:\/\/katheineesquia.com\/index.php?rest_route=\/wp\/v2\/posts"}],"about":[{"href":"https:\/\/katheineesquia.com\/index.php?rest_route=\/wp\/v2\/types\/post"}],"author":[{"embeddable":true,"href":"https:\/\/katheineesquia.com\/index.php?rest_route=\/wp\/v2\/users\/2"}],"replies":[{"embeddable":true,"href":"https:\/\/katheineesquia.com\/index.php?rest_route=%2Fwp%2Fv2%2Fcomments&post=141"}],"version-history":[{"count":1,"href":"https:\/\/katheineesquia.com\/index.php?rest_route=\/wp\/v2\/posts\/141\/revisions"}],"predecessor-version":[{"id":964,"href":"https:\/\/katheineesquia.com\/index.php?rest_route=\/wp\/v2\/posts\/141\/revisions\/964"}],"wp:attachment":[{"href":"https:\/\/katheineesquia.com\/index.php?rest_route=%2Fwp%2Fv2%2Fmedia&parent=141"}],"wp:term":[{"taxonomy":"category","embeddable":true,"href":"https:\/\/katheineesquia.com\/index.php?rest_route=%2Fwp%2Fv2%2Fcategories&post=141"},{"taxonomy":"post_tag","embeddable":true,"href":"https:\/\/katheineesquia.com\/index.php?rest_route=%2Fwp%2Fv2%2Ftags&post=141"}],"curies":[{"name":"wp","href":"https:\/\/api.w.org\/{rel}","templated":true}]}}