{"id":245,"date":"2009-10-20T00:00:00","date_gmt":"2009-10-20T05:00:00","guid":{"rendered":"http:\/\/misskathy.net\/archives\/245"},"modified":"2023-09-12T10:12:09","modified_gmt":"2023-09-12T10:12:09","slug":"martes-por-qu-martes","status":"publish","type":"post","link":"https:\/\/katheineesquia.com\/?p=245","title":{"rendered":"Martes, por qu\u00e9 martes\u2026"},"content":{"rendered":"<p align=\"justify\">Ayer ten\u00eda toda la intenci\u00f3n de llegar a casa y sentarme a trabajar y avanzar algunas cosas pendientes con el Internet. Pero me venci\u00f3 el cansancio y no despert\u00e9 hasta hoy a las cinco de la ma\u00f1ana.<\/p>\n<p align=\"justify\">Hoy me siento desmotivada, algo agobiada y bastante cansada. Ser\u00e1 porque es martes y s\u00e9 que tendr\u00e9 todo el d\u00eda ocupado. Ten\u00eda planificado ir a las clases de Duilio e Ivon, pero no. volver\u00e9 a casa y actualizar\u00e9 todo lo que tengo que actualizar. Solo espero que la pr\u00f3xima semana que vuelva, a\u00fan sepa c\u00f3mo subirme a un step.<\/p>\n<p align=\"justify\">En este preciso momento me pregunt\u00f3, c\u00f3mo puedo sentirme as\u00ed este a\u00f1o. Recuerdo claramente que el a\u00f1o pasado, cuando terminaba, los lunes, cansada y agobiada, me animaba a m\u00ed misma con la cercan\u00eda de los martes. De igual manera se me pasaban los mi\u00e9rcoles. Pero ahora es todo lo contrario. Definitivamente son ciclos. La vida tiene ciclos y creo que mi ciclo aqu\u00ed lleg\u00f3 a su fin.<\/p>\n<p align=\"justify\">Como una relaci\u00f3n desgastada en donde no tienes nada m\u00e1s que aportar y solo te afliges, as\u00ed me siento HOY. Ser\u00e1 porque el martes se me ha empozado con toda la tristeza en el alma y he sucumbido al desaliento. Ser\u00e1 porque me ganaron la partida y porque no tengo m\u00e1s fichas para seguir jugando y no hay un salvador Huallullo que me d\u00e9 m\u00e1s y m\u00e1s para seguir apostando (comentario que entender\u00e1n los que fueron a Cusco y jugaron 21 conmigo). Es as\u00ed, este a\u00f1o apost\u00e9 y perd\u00ed. Apost\u00e9 y mostr\u00e9 todas mis cartas, ignorando a todos los ases que ten\u00eda en la palma de mi mano.<\/p>\n<p align=\"justify\">Me siento as\u00ed, hoy martes. Perdida, cansada, agobiada, aburrida, me siento como reo que camina triste por la verde villa, pero entre todo esto me animo, porque ma\u00f1ana es mi\u00e9rcoles y tengo que ver Los miserables, con personas que me har\u00e1n sonre\u00edr.<\/p>\n<p align=\"justify\">Por ahora me basta con pensar en un agrio martes, seguido por un aliviador mi\u00e9rcoles, no quiero pensar en jueves, y terminar\u00e9 la semana con un viernes. Para ensayar el s\u00e1bado y GANAR el domingo. Porque (y esto es para los chicos del concurso de danzas) a\u00fan as\u00ed mi tercerito no gane, pusieron todo de su parte, y me sentir\u00e9 igual de feliz, porque este a\u00f1o en el que pens\u00e9 hab\u00eda perdido, result\u00f3 que al final termino ganando. Y esto es con mente positiva, porque a\u00fan faltan dos meses para terminar este afligido 2009.<\/p>\n<p align=\"center\"><strong>\u00a12010, no sabes con qu\u00e9 ilusi\u00f3n y ansias te espero!<\/strong><\/p>\n","protected":false},"excerpt":{"rendered":"<p>Ayer ten\u00eda toda la intenci\u00f3n de llegar a casa y sentarme a trabajar y avanzar algunas cosas pendientes con el&#8230;<\/p>\n","protected":false},"author":2,"featured_media":0,"comment_status":"open","ping_status":"closed","sticky":false,"template":"","format":"standard","meta":{"_jetpack_memberships_contains_paid_content":false,"footnotes":"","jetpack_publicize_message":"","jetpack_publicize_feature_enabled":true,"jetpack_social_post_already_shared":false,"jetpack_social_options":{"image_generator_settings":{"template":"highway","enabled":false},"version":2}},"categories":[250],"tags":[220,234,243],"class_list":["post-245","post","type-post","status-publish","format-standard","hentry","category-reflexiones-2","tag-sentimiento","tag-trabajo","tag-vida","post-archive"],"jetpack_publicize_connections":[],"jetpack_featured_media_url":"","jetpack-related-posts":[],"jetpack_sharing_enabled":true,"jetpack_likes_enabled":true,"_links":{"self":[{"href":"https:\/\/katheineesquia.com\/index.php?rest_route=\/wp\/v2\/posts\/245","targetHints":{"allow":["GET"]}}],"collection":[{"href":"https:\/\/katheineesquia.com\/index.php?rest_route=\/wp\/v2\/posts"}],"about":[{"href":"https:\/\/katheineesquia.com\/index.php?rest_route=\/wp\/v2\/types\/post"}],"author":[{"embeddable":true,"href":"https:\/\/katheineesquia.com\/index.php?rest_route=\/wp\/v2\/users\/2"}],"replies":[{"embeddable":true,"href":"https:\/\/katheineesquia.com\/index.php?rest_route=%2Fwp%2Fv2%2Fcomments&post=245"}],"version-history":[{"count":1,"href":"https:\/\/katheineesquia.com\/index.php?rest_route=\/wp\/v2\/posts\/245\/revisions"}],"predecessor-version":[{"id":956,"href":"https:\/\/katheineesquia.com\/index.php?rest_route=\/wp\/v2\/posts\/245\/revisions\/956"}],"wp:attachment":[{"href":"https:\/\/katheineesquia.com\/index.php?rest_route=%2Fwp%2Fv2%2Fmedia&parent=245"}],"wp:term":[{"taxonomy":"category","embeddable":true,"href":"https:\/\/katheineesquia.com\/index.php?rest_route=%2Fwp%2Fv2%2Fcategories&post=245"},{"taxonomy":"post_tag","embeddable":true,"href":"https:\/\/katheineesquia.com\/index.php?rest_route=%2Fwp%2Fv2%2Ftags&post=245"}],"curies":[{"name":"wp","href":"https:\/\/api.w.org\/{rel}","templated":true}]}}