{"id":439,"date":"2011-07-28T17:59:11","date_gmt":"2011-07-28T22:59:11","guid":{"rendered":"http:\/\/misskathy.net\/?p=439"},"modified":"2023-09-12T11:37:58","modified_gmt":"2023-09-12T11:37:58","slug":"a-mi-pollito","status":"publish","type":"post","link":"https:\/\/katheineesquia.com\/?p=439","title":{"rendered":"A mi pollito"},"content":{"rendered":"\n<p id=\"internal-source-marker_0.34257805475567593\">La primera vez que vi a Daniela fue como la huella oscura de una ecograf\u00eda que se realiz\u00f3 mi hermana en el cuarto mes de su embarazo. Era apenas una min\u00fascula manchita, pero incluso desde antes que fuera concebida supe que ser\u00eda alguien grandioso en mi vida.<\/p>\n\n\n\n<p>&nbsp;<\/p>\n\n\n\n<p>Al ver que la posibilidad de ser madre se hace m\u00e1s lejana a medida que pasan los a\u00f1os, una sobrinita cubre mi necesidad de dar amor a una peque\u00f1a extensi\u00f3n de m\u00ed y por ahora, junto con mi madre, ocupan la prioridad en mi vida..<\/p>\n\n\n\n<p>Mi pollito, como la llamo, es una ni\u00f1a tan llena de vida y energ\u00eda que a veces se nos hace dif\u00edcil, a todos en casa, seguirle el paso. Tiene una sonrisa que todo lo ilumina y una carita tan dulce que hace imposible enojarse con ella por mucho tiempo, en esto probablemente se parece a todos los ni\u00f1os, pero mi sobrina es excepcional.<\/p>\n\n\n\n<!--more-->\n\n\n\n<p>Sigilosa cuando hace alguna travesura, despierta y con una gran habilidad para el baile, a tal nivel que no s\u00e9 decir si es un pollito o una peque\u00f1a garza. Coqueta como ella sola, le encantan las cosas nuevas y adora los zapatos, por eso no se me hizo extra\u00f1o que por su cumplea\u00f1os, me pidiera zapatillas marca Barbie de color rosado y que al recibir su regalo y mirar el empaque, me dijera directo a los ojos \u201cson zapatos\u201d.<\/p>\n\n\n\n<p>Le encanta ser escuchada y es capaz de mandar a callar a todo aquel que la opaque. Engre\u00edda por ser la primera en todo (primera nieta, primera hija, primera sobrina), sabe que la quieren y a veces creo que se aprovecha.<\/p>\n\n\n\n<p>Celosa como su abuela y t\u00eda favorita, no acepta que otra persona se acerque de manera afectuosa a quien considera es solo suya. Ha llegado al punto de ordenarme buscar una nueva mam\u00e1 porque la m\u00eda, le pertenece.<\/p>\n\n\n\n<p>Medio can\u00edval porque adora el pollito a la brasa con sus papas fritas, es cari\u00f1osa y muestra amor a todo aquel que hace lo mismo con ella. Pero si siente que no la quieren te deja con la palabra en la boca y se va sin hacerte caso. Toda una Flores, porque ese es el gen de mi mam\u00e1, definitivamente.<\/p>\n\n\n\n<p>Ahora que duerme, mientras espera a que su pap\u00e1 venga para llevarla a comer lo que tanto adora, me pongo a pensar en c\u00f3mo hubiera sido mi vida si ella no hubiera nacido y me estremezco en pensar lo triste que estar\u00eda mi casa y lo vac\u00eda de mi familia sin su presencia.<\/p>\n\n\n\n<p>Hoy mi pollito cumple cuatro a\u00f1os desde que lleg\u00f3 a este mundo, un 28 de julio del 2007 a las 3:30 de la tarde. Han sido cuatro breves a\u00f1os, pero toda una vida llena de amor solo para ella.<\/p>\n\n\n\n<p class=\"has-text-align-center\"><strong>\u00a1Feliz cumplea\u00f1os, pollito!<\/strong><\/p>\n\n\n<div class=\"wp-block-image\">\n<figure class=\"aligncenter size-full\"><img loading=\"lazy\" decoding=\"async\" width=\"640\" height=\"480\" src=\"https:\/\/katheineesquia.com\/wp-content\/uploads\/2011\/07\/Nuevecitas-0624.jpg\" alt=\"\" class=\"wp-image-1057\" srcset=\"https:\/\/katheineesquia.com\/wp-content\/uploads\/2011\/07\/Nuevecitas-0624.jpg 640w, https:\/\/katheineesquia.com\/wp-content\/uploads\/2011\/07\/Nuevecitas-0624-300x225.jpg 300w\" sizes=\"auto, (max-width: 640px) 100vw, 640px\" \/><\/figure>\n<\/div>\n\n<div class=\"wp-block-image\">\n<figure class=\"aligncenter size-full\"><img loading=\"lazy\" decoding=\"async\" width=\"1024\" height=\"768\" src=\"https:\/\/katheineesquia.com\/wp-content\/uploads\/2011\/07\/DSC03675.jpg\" alt=\"\" class=\"wp-image-1058\" srcset=\"https:\/\/katheineesquia.com\/wp-content\/uploads\/2011\/07\/DSC03675.jpg 1024w, https:\/\/katheineesquia.com\/wp-content\/uploads\/2011\/07\/DSC03675-300x225.jpg 300w, https:\/\/katheineesquia.com\/wp-content\/uploads\/2011\/07\/DSC03675-768x576.jpg 768w, https:\/\/katheineesquia.com\/wp-content\/uploads\/2011\/07\/DSC03675-640x480.jpg 640w\" sizes=\"auto, (max-width: 1024px) 100vw, 1024px\" \/><\/figure>\n<\/div>\n\n<div class=\"wp-block-image\">\n<figure class=\"aligncenter size-full\"><img loading=\"lazy\" decoding=\"async\" width=\"1232\" height=\"2048\" src=\"https:\/\/katheineesquia.com\/wp-content\/uploads\/2011\/07\/20131231_211046.jpg\" alt=\"\" class=\"wp-image-1059\" srcset=\"https:\/\/katheineesquia.com\/wp-content\/uploads\/2011\/07\/20131231_211046.jpg 1232w, https:\/\/katheineesquia.com\/wp-content\/uploads\/2011\/07\/20131231_211046-180x300.jpg 180w, https:\/\/katheineesquia.com\/wp-content\/uploads\/2011\/07\/20131231_211046-616x1024.jpg 616w, https:\/\/katheineesquia.com\/wp-content\/uploads\/2011\/07\/20131231_211046-768x1277.jpg 768w, https:\/\/katheineesquia.com\/wp-content\/uploads\/2011\/07\/20131231_211046-924x1536.jpg 924w, https:\/\/katheineesquia.com\/wp-content\/uploads\/2011\/07\/20131231_211046-1040x1729.jpg 1040w, https:\/\/katheineesquia.com\/wp-content\/uploads\/2011\/07\/20131231_211046-640x1064.jpg 640w\" sizes=\"auto, (max-width: 1232px) 100vw, 1232px\" \/><\/figure>\n<\/div>\n\n\n<p class=\"has-text-align-center\">\u00a0<strong>\u00a0<\/strong><\/p>\n\n\n\n<p class=\"has-text-align-center\"><strong>&nbsp;<\/strong><\/p>\n","protected":false},"excerpt":{"rendered":"<p>La primera vez que vi a Daniela fue como la huella oscura de una ecograf\u00eda que se realiz\u00f3 mi hermana&#8230;<\/p>\n","protected":false},"author":2,"featured_media":1056,"comment_status":"open","ping_status":"closed","sticky":false,"template":"","format":"standard","meta":{"_jetpack_memberships_contains_paid_content":false,"footnotes":"","jetpack_publicize_message":"","jetpack_publicize_feature_enabled":true,"jetpack_social_post_already_shared":false,"jetpack_social_options":{"image_generator_settings":{"template":"highway","enabled":false},"version":2}},"categories":[250],"tags":[80,114],"class_list":["post-439","post","type-post","status-publish","format-standard","has-post-thumbnail","hentry","category-reflexiones-2","tag-danielita","tag-familia","post-archive"],"jetpack_publicize_connections":[],"jetpack_featured_media_url":"https:\/\/katheineesquia.com\/wp-content\/uploads\/2011\/07\/IMG_0143.jpg","jetpack-related-posts":[],"jetpack_sharing_enabled":true,"jetpack_likes_enabled":true,"_links":{"self":[{"href":"https:\/\/katheineesquia.com\/index.php?rest_route=\/wp\/v2\/posts\/439","targetHints":{"allow":["GET"]}}],"collection":[{"href":"https:\/\/katheineesquia.com\/index.php?rest_route=\/wp\/v2\/posts"}],"about":[{"href":"https:\/\/katheineesquia.com\/index.php?rest_route=\/wp\/v2\/types\/post"}],"author":[{"embeddable":true,"href":"https:\/\/katheineesquia.com\/index.php?rest_route=\/wp\/v2\/users\/2"}],"replies":[{"embeddable":true,"href":"https:\/\/katheineesquia.com\/index.php?rest_route=%2Fwp%2Fv2%2Fcomments&post=439"}],"version-history":[{"count":3,"href":"https:\/\/katheineesquia.com\/index.php?rest_route=\/wp\/v2\/posts\/439\/revisions"}],"predecessor-version":[{"id":1060,"href":"https:\/\/katheineesquia.com\/index.php?rest_route=\/wp\/v2\/posts\/439\/revisions\/1060"}],"wp:featuredmedia":[{"embeddable":true,"href":"https:\/\/katheineesquia.com\/index.php?rest_route=\/wp\/v2\/media\/1056"}],"wp:attachment":[{"href":"https:\/\/katheineesquia.com\/index.php?rest_route=%2Fwp%2Fv2%2Fmedia&parent=439"}],"wp:term":[{"taxonomy":"category","embeddable":true,"href":"https:\/\/katheineesquia.com\/index.php?rest_route=%2Fwp%2Fv2%2Fcategories&post=439"},{"taxonomy":"post_tag","embeddable":true,"href":"https:\/\/katheineesquia.com\/index.php?rest_route=%2Fwp%2Fv2%2Ftags&post=439"}],"curies":[{"name":"wp","href":"https:\/\/api.w.org\/{rel}","templated":true}]}}