{"id":462,"date":"2011-10-15T23:03:27","date_gmt":"2011-10-16T04:03:27","guid":{"rendered":"http:\/\/misskathy.net\/?p=462"},"modified":"2023-09-12T10:11:26","modified_gmt":"2023-09-12T10:11:26","slug":"sueno-y-realidad","status":"publish","type":"post","link":"https:\/\/katheineesquia.com\/?p=462","title":{"rendered":"Sue\u00f1o y realidad"},"content":{"rendered":"<p>Te siento cerca, como si mi memoria se hubiera guardado tu olor para replicarlo esta noche. Mis ojos no quieren ver m\u00e1s all\u00e1 de los tuyos y de tu sonrisa; esas que son solo m\u00edas.<\/p>\n<p>Cierro los ojos y siento tus labios, tu palma en mi cara y tu abrazo infinito. No quiero despertar porque s\u00e9 que te has ido, te busco y no te encuentro, te llamo y no contestas, no s\u00e9 nada de ti.<\/p>\n<p>Es solo en mis sue\u00f1os que estoy a tu lado, por eso, hoy me negu\u00e9 a despertar con todas mis fuerzas, pero fue en vano.<\/p>\n<p>Hoy tengo necesidad de verte, salir a buscarte y pedir que me abraces de nuevo. \u00bfD\u00f3nde te has ido? \u00bfPor qu\u00e9 no te encuentro?<\/p>\n<p>Tengo sue\u00f1o y no quiero dormir hasta tener la completa seguridad de que te encontrar\u00e9 en ese espacio que es solo nuestro, tu mundo que quiero volver m\u00edo, porque ah\u00ed estoy contigo. Ah\u00ed soy feliz.<\/p>\n","protected":false},"excerpt":{"rendered":"<p>Te siento cerca, como si mi memoria se hubiera guardado tu olor para replicarlo esta noche. Mis ojos no quieren&#8230;<\/p>\n","protected":false},"author":2,"featured_media":0,"comment_status":"open","ping_status":"closed","sticky":false,"template":"","format":"standard","meta":{"_jetpack_memberships_contains_paid_content":false,"footnotes":"","jetpack_publicize_message":"","jetpack_publicize_feature_enabled":true,"jetpack_social_post_already_shared":false,"jetpack_social_options":{"image_generator_settings":{"template":"highway","enabled":false},"version":2}},"categories":[250],"tags":[45,47],"class_list":["post-462","post","type-post","status-publish","format-standard","hentry","category-reflexiones-2","tag-amistad","tag-amor","post-archive"],"jetpack_publicize_connections":[],"jetpack_featured_media_url":"","jetpack-related-posts":[],"jetpack_sharing_enabled":true,"jetpack_likes_enabled":true,"_links":{"self":[{"href":"https:\/\/katheineesquia.com\/index.php?rest_route=\/wp\/v2\/posts\/462","targetHints":{"allow":["GET"]}}],"collection":[{"href":"https:\/\/katheineesquia.com\/index.php?rest_route=\/wp\/v2\/posts"}],"about":[{"href":"https:\/\/katheineesquia.com\/index.php?rest_route=\/wp\/v2\/types\/post"}],"author":[{"embeddable":true,"href":"https:\/\/katheineesquia.com\/index.php?rest_route=\/wp\/v2\/users\/2"}],"replies":[{"embeddable":true,"href":"https:\/\/katheineesquia.com\/index.php?rest_route=%2Fwp%2Fv2%2Fcomments&post=462"}],"version-history":[{"count":1,"href":"https:\/\/katheineesquia.com\/index.php?rest_route=\/wp\/v2\/posts\/462\/revisions"}],"predecessor-version":[{"id":924,"href":"https:\/\/katheineesquia.com\/index.php?rest_route=\/wp\/v2\/posts\/462\/revisions\/924"}],"wp:attachment":[{"href":"https:\/\/katheineesquia.com\/index.php?rest_route=%2Fwp%2Fv2%2Fmedia&parent=462"}],"wp:term":[{"taxonomy":"category","embeddable":true,"href":"https:\/\/katheineesquia.com\/index.php?rest_route=%2Fwp%2Fv2%2Fcategories&post=462"},{"taxonomy":"post_tag","embeddable":true,"href":"https:\/\/katheineesquia.com\/index.php?rest_route=%2Fwp%2Fv2%2Ftags&post=462"}],"curies":[{"name":"wp","href":"https:\/\/api.w.org\/{rel}","templated":true}]}}