{"id":524,"date":"2012-08-10T00:08:30","date_gmt":"2012-08-10T05:08:30","guid":{"rendered":"http:\/\/misskathy.net\/?p=524"},"modified":"2023-09-12T10:11:26","modified_gmt":"2023-09-12T10:11:26","slug":"personal","status":"publish","type":"post","link":"https:\/\/katheineesquia.com\/?p=524","title":{"rendered":"PERSONAL"},"content":{"rendered":"<p style=\"text-align:justify;\">Hace once a\u00f1os, cuando mi pap\u00e1 ten\u00eda 51, por alg\u00fan motivo que desconozco, decidi\u00f3 que la vida que hab\u00eda tenido a nuestro lado por m\u00e1s de 20 a\u00f1os, no lo hac\u00eda feliz; as\u00ed que cogi\u00f3 sus cosas y se fue.<\/p>\n<p style=\"text-align:justify;\">Luego de ese evento, lo vi dos veces m\u00e1s, una cerca de la Navidad del 2002 y otra en la Navidad del 2003, cuando llegaba en un taxi y sin bajarse dejaba una bolsa con v\u00edveres para sus hijas. Una m\u00edsera bolsa con arroz, az\u00facar y fideos que asumo \u00e9l crey\u00f3 era lo que merec\u00edamos, sus cuatro hijas y su esposa.<\/p>\n<p style=\"text-align:justify;\">\u00a0\u00bfQu\u00e9 hab\u00edamos hecho? \u00bfPor qu\u00e9 el rechaz\u00f3? \u00bfPor qu\u00e9 el desprecio? Nunca supe qu\u00e9 responderme, pero, a pesar de todo, guardaba mucho cari\u00f1o por mi padre y esperaba que alg\u00fan d\u00eda volviera a casa para estar con nosotras nuevamente. As\u00ed fue como esta ilusa mujer de 26 o 27 a\u00f1os, no recuerdo exactamente la edad, se enter\u00f3 que su padre, estaba con una chica de 25 (nunca olvidar\u00e9 ese n\u00famero) y que esta \u00abmujercita\u00bb ten\u00eda un hijo, un hijo var\u00f3n, el que mi padre iba a criar como el que siempre hab\u00eda querido. Comprend\u00ed lo que ocurr\u00eda y el amor de hija se me sec\u00f3 en ese momento.<!--more--><\/p>\n<p style=\"text-align:justify;\">\u00bfC\u00f3mo se habr\u00e1 sentido mi mam\u00e1 al enterarse que su esposo la dej\u00f3 por una chibola? \u00bfHumillada? \u00bfTraicionada? \u00bfAgraviada? \u00bfInsultada? \u00bfExpectorada? No creo que exista un adjetivo que describa el sentimiento; pero nunca la vi derramar una l\u00e1grima y decidi\u00f3 seguir adelante por nosotras. Por eso la admiro tanto.<\/p>\n<p style=\"text-align:justify;\">El asunto de mi padre y que nos haya dejado por una mujer menor que su propia hija, lo dej\u00e9 enterrado para no sacarlo nunca m\u00e1s y el sentimiento que me generaba lo encerr\u00e9 en alg\u00fan lugar profundo para que no me hiciera da\u00f1o; pero algunos acontecimientos que he venido a enterarme los \u00faltimos d\u00edas han hecho que todo salgan a flote, que todos los recuerdos, todas las interrogantes vuelvan a mi cabeza, pero sobre todo a mi coraz\u00f3n. No dejo de preguntarme por qu\u00e9 y nuevamente, vuelvo a sentirme miserable. Supongo que deb\u00ed sentirme as\u00ed hace cinco o seis a\u00f1os, cuando decid\u00ed dejarlo a un lado por mi madre, lo ocult\u00e9 bien por mis hermanas, pero hoy que no tengo que guardar nada, me siento profundamente triste, y enormemente herida. Lo peor es que nadie tiene la culpa, as\u00ed que no tengo con qui\u00e9n desquitarme&#8230;. \u00a1Qu\u00e9 frustraci\u00f3n!<\/p>\n<p style=\"text-align:justify;\">Solo t\u00fa que pasas o has pasado por eso, podr\u00edas quiz\u00e1 entenderme, solo a ti a quien han dejado de lado porque piensan que ya no vales, que no interesas o que no eres lo suficiente buen@ puedas, quiz\u00e1 comprender lo que se siente; los dem\u00e1s, aquellos que observan todo solo para tener de qu\u00e9 hablar, har\u00e1n lo mismo de siempre, no entender que en lo PERSONAL no se deben involucrar y mucho menos HABLAR DE M\u00c1S.<\/p>\n<p style=\"text-align:justify;\">Gracias por sacarme las venda de los ojos&#8230;<\/p>\n<p style=\"text-align:justify;\">\n<p style=\"text-align:justify;\"><img loading=\"lazy\" decoding=\"async\" class=\"aligncenter\" title=\"Padre e hija\" src=\"http:\/\/conectateatusemociones.com\/blog\/wp-content\/uploads\/2011\/01\/padre-e-hija.jpg\" alt=\"\" width=\"400\" height=\"269\" \/><\/p>\n","protected":false},"excerpt":{"rendered":"<p>Hace once a\u00f1os, cuando mi pap\u00e1 ten\u00eda 51, por alg\u00fan motivo que desconozco, decidi\u00f3 que la vida que hab\u00eda tenido&#8230;<\/p>\n","protected":false},"author":2,"featured_media":0,"comment_status":"open","ping_status":"closed","sticky":false,"template":"","format":"standard","meta":{"_jetpack_memberships_contains_paid_content":false,"footnotes":"","jetpack_publicize_message":"","jetpack_publicize_feature_enabled":true,"jetpack_social_post_already_shared":false,"jetpack_social_options":{"image_generator_settings":{"template":"highway","enabled":false},"version":2}},"categories":[250],"tags":[83],"class_list":["post-524","post","type-post","status-publish","format-standard","hentry","category-reflexiones-2","tag-depresion","post-archive"],"jetpack_publicize_connections":[],"jetpack_featured_media_url":"","jetpack-related-posts":[],"jetpack_sharing_enabled":true,"jetpack_likes_enabled":true,"_links":{"self":[{"href":"https:\/\/katheineesquia.com\/index.php?rest_route=\/wp\/v2\/posts\/524","targetHints":{"allow":["GET"]}}],"collection":[{"href":"https:\/\/katheineesquia.com\/index.php?rest_route=\/wp\/v2\/posts"}],"about":[{"href":"https:\/\/katheineesquia.com\/index.php?rest_route=\/wp\/v2\/types\/post"}],"author":[{"embeddable":true,"href":"https:\/\/katheineesquia.com\/index.php?rest_route=\/wp\/v2\/users\/2"}],"replies":[{"embeddable":true,"href":"https:\/\/katheineesquia.com\/index.php?rest_route=%2Fwp%2Fv2%2Fcomments&post=524"}],"version-history":[{"count":1,"href":"https:\/\/katheineesquia.com\/index.php?rest_route=\/wp\/v2\/posts\/524\/revisions"}],"predecessor-version":[{"id":913,"href":"https:\/\/katheineesquia.com\/index.php?rest_route=\/wp\/v2\/posts\/524\/revisions\/913"}],"wp:attachment":[{"href":"https:\/\/katheineesquia.com\/index.php?rest_route=%2Fwp%2Fv2%2Fmedia&parent=524"}],"wp:term":[{"taxonomy":"category","embeddable":true,"href":"https:\/\/katheineesquia.com\/index.php?rest_route=%2Fwp%2Fv2%2Fcategories&post=524"},{"taxonomy":"post_tag","embeddable":true,"href":"https:\/\/katheineesquia.com\/index.php?rest_route=%2Fwp%2Fv2%2Ftags&post=524"}],"curies":[{"name":"wp","href":"https:\/\/api.w.org\/{rel}","templated":true}]}}