{"id":649,"date":"2013-04-14T12:59:51","date_gmt":"2013-04-14T17:59:51","guid":{"rendered":"http:\/\/www.misskathy.net\/?p=649"},"modified":"2023-09-12T10:10:54","modified_gmt":"2023-09-12T10:10:54","slug":"esto-de-ser-madre","status":"publish","type":"post","link":"https:\/\/katheineesquia.com\/?p=649","title":{"rendered":"Esto de ser madre&#8230;."},"content":{"rendered":"<p><img loading=\"lazy\" decoding=\"async\" class=\"size-full wp-image-650 alignleft\" alt=\"no-quiero-ser-una-superwoman_1_1126522\" src=\"http:\/\/www.misskathy.net\/wp-content\/uploads\/2013\/04\/no-quiero-ser-una-superwoman_1_1126522.jpg\" width=\"320\" height=\"240\" \/><\/p>\n<p style=\"text-align:justify;\">Lo dir\u00e9 de frente&#8230; NO ME QUITA EL SUE\u00d1O SER MADRE! Ah\u00ed est\u00e1, lo dije en voz alta, lo dije porque as\u00ed lo siento y porque me he dado cuenta durante el\u00a0\u00faltimo mes de que es un CHAMB\u00d3N!!! \u00a1A que s\u00ed! Ahora comprendo porque algunas de mis amigas casadas envidian mi, siempre destacable, estado civil; aunque, ahora que lo pienso, una cosa no tiene que ver con la otra. Bueno, el tema de \u00absoy soltera, me divierto y si no lo soportas, a m\u00ed que xxxx\u00bb, ser\u00e1 tema de otro post.<\/p>\n<p style=\"text-align:justify;\">Cuando me dicen que mi reloj biol\u00f3gico se activar\u00e1 en alg\u00fan momento y la maternidad me llamar\u00e1 a gritos, me pongo a pensar que no es as\u00ed, que eso no va a ocurrir y definitivamente no me imagino angustiada porque mi \u00faltimo \u00f3vulo est\u00e9 con fecha de expiraci\u00f3n cercana&#8230; \u00bfQu\u00e9 me comer\u00e9 mis palabras en el futuro? Puede que s\u00ed, puede que no&#8230; \u00a1Qui\u00e9n sabe! Pero en este momento, domingo 14 de abril del 2013, estoy convencida de que si mi reloj biol\u00f3gico (que probablemente sea de arena en cuanto se active, LO CUAL DUDO), me pide hijos, adoptar\u00e9. No me quita el sue\u00f1o concebir un beb\u00e9, no a\u00f1oro comprar ropita, preparar su cuarto, no lo necesito, no tengo el gen materno, no s\u00e9. \u00bfQu\u00e9 soy una \u00a0insensible, soy una intolerante, soy una mala mujer? Bueno, cosas peores y nada \u00abligeras\u00bb me han dicho&#8230; \u00a1SOBREVIVIR\u00c9!<!--more--><\/p>\n<p style=\"text-align:justify;\">Por temas nada delicados, dolorosos y bastante tediosos, mi sobrina ha quedado (espero NO temporalmente) bajo la tutela de mi mam\u00e1 y por defecto m\u00eda y es en ella donde puedo darme cuenta cu\u00e1nto DA\u00d1O, s\u00ed&#8230; DA\u00d1O, pueden hacer aquellas personas que son madres sin la madurez para serlo, y esto no tiene NADA QUE VER CON LA EDAD, aunque mi querida abogada piense lo contrario. Cuando pasas nueve meses contando los d\u00edas para que llegue tu beb\u00e9 y dici\u00e9ndole a todo aquel que quiera escucharte que TU HIJA ES LO MEJOR QUE DIOS TE HA DADO, uno se da cuenta de que eres CONSCIENTE de que HAS PARIDO un hijo, pero&#8230; \u00bfeso significa que eres buen padre, que est\u00e1s listo, que podr\u00e1s adaptarte, madurar, SACRIFICARTE por el bienestar de tu peque\u00f1a cr\u00eda?&#8230; Pues, la verdad es que no. Que t\u00fa te creas buen padre, no significa que lo seas.<\/p>\n<p style=\"text-align:justify;\">Mi pollito est\u00e1 llena de marquitas que ha dejado la negligencia de dos personas inmaduras que se metieron a hacer cosas de adultos y que al ver las consecuencias, se negaron a dejar de ser ni\u00f1os. Me genera mucha angustia pensar en qu\u00e9 ocurrir\u00e1 con ella si a su madre viene, se la lleva e interrumpe todo el tratamiento que le estamos dando, lo cual implica un costo no muy insignificante, pero que si se ignora acarrear\u00e1 otro much\u00edsimo peor. En lo que est\u00e9 en mis manos, impedir\u00e9 eso a como d\u00e9 lugar. Los problemas de motricidad fina, lectoescritura, grafomotricidad y sobre todo psicol\u00f3gicos que presenta el Pollito, me dan miedo. Tendr\u00e9 acaso la capacidad conductual para \u00a0afrontar todas las quejas que recibo y seguir\u00e9 recibiendo; \u00bftendr\u00e9 la capacidad econ\u00f3mica para poder cubrir todos los gastos que esto generar\u00e1? Por ahora, estoy pensando en empezar una especialidad en problemas de aprendizaje&#8230; Pero sobre todo, me genera angustia, \u00bfes que acaso en el futuro ser\u00e9 tan mala, mediocre y negligente como para hacer tanto da\u00f1o a una peque\u00f1a a la que esper\u00e9 con tanto amor? \u00bfTendr\u00e9 la capacidad de sacrificarme, dejarlo todo y amar a alguien por sobre todas las cosas, como dicen que es el afecto de un madre? \u00bfTendr\u00e9 la fuerza para poder dedicarme a \u00e9l\/ella en cuerpo y alma? No s\u00e9 y hasta que est\u00e9 segura de que es un s\u00ed, prefiero no traer un ni\u00f1o al mundo con quien experimentar.<\/p>\n<p style=\"text-align:justify;\">La psic\u00f3loga me dice que el ambiente actual de la ni\u00f1a es un para\u00edso comparado con el ambiente que viv\u00eda, pero que obviamente la secuelas implican un proceso largo, largo y cansado. Yo no quiero una ni\u00f1a modelo, quiero una ni\u00f1a que pueda socializar sin agredir, que comprenda indicaciones y que en la mayor\u00eda de los casos pueda seguirlas. Tengo fe en que esto se lograr\u00e1, en que la podremos ayudar y que tendr\u00e1 un futuro feliz. Eso espero&#8230; Y mientra no vea el tema con claridad, as\u00ed, sin hijos y con una sobrina, estoy m\u00e1s que bien.<\/p>\n","protected":false},"excerpt":{"rendered":"<p>Lo dir\u00e9 de frente&#8230; NO ME QUITA EL SUE\u00d1O SER MADRE! Ah\u00ed est\u00e1, lo dije en voz alta, lo dije&#8230;<\/p>\n","protected":false},"author":2,"featured_media":0,"comment_status":"open","ping_status":"closed","sticky":false,"template":"","format":"standard","meta":{"_jetpack_memberships_contains_paid_content":false,"footnotes":"","jetpack_publicize_message":"","jetpack_publicize_feature_enabled":true,"jetpack_social_post_already_shared":false,"jetpack_social_options":{"image_generator_settings":{"template":"highway","enabled":false},"version":2}},"categories":[250],"tags":[114],"class_list":["post-649","post","type-post","status-publish","format-standard","hentry","category-reflexiones-2","tag-familia","post-archive"],"jetpack_publicize_connections":[],"jetpack_featured_media_url":"","jetpack-related-posts":[],"jetpack_sharing_enabled":true,"jetpack_likes_enabled":true,"_links":{"self":[{"href":"https:\/\/katheineesquia.com\/index.php?rest_route=\/wp\/v2\/posts\/649","targetHints":{"allow":["GET"]}}],"collection":[{"href":"https:\/\/katheineesquia.com\/index.php?rest_route=\/wp\/v2\/posts"}],"about":[{"href":"https:\/\/katheineesquia.com\/index.php?rest_route=\/wp\/v2\/types\/post"}],"author":[{"embeddable":true,"href":"https:\/\/katheineesquia.com\/index.php?rest_route=\/wp\/v2\/users\/2"}],"replies":[{"embeddable":true,"href":"https:\/\/katheineesquia.com\/index.php?rest_route=%2Fwp%2Fv2%2Fcomments&post=649"}],"version-history":[{"count":1,"href":"https:\/\/katheineesquia.com\/index.php?rest_route=\/wp\/v2\/posts\/649\/revisions"}],"predecessor-version":[{"id":903,"href":"https:\/\/katheineesquia.com\/index.php?rest_route=\/wp\/v2\/posts\/649\/revisions\/903"}],"wp:attachment":[{"href":"https:\/\/katheineesquia.com\/index.php?rest_route=%2Fwp%2Fv2%2Fmedia&parent=649"}],"wp:term":[{"taxonomy":"category","embeddable":true,"href":"https:\/\/katheineesquia.com\/index.php?rest_route=%2Fwp%2Fv2%2Fcategories&post=649"},{"taxonomy":"post_tag","embeddable":true,"href":"https:\/\/katheineesquia.com\/index.php?rest_route=%2Fwp%2Fv2%2Ftags&post=649"}],"curies":[{"name":"wp","href":"https:\/\/api.w.org\/{rel}","templated":true}]}}