{"id":679,"date":"2013-07-07T17:26:46","date_gmt":"2013-07-07T22:26:46","guid":{"rendered":"http:\/\/www.misskathy.net\/?p=679"},"modified":"2023-09-12T10:10:54","modified_gmt":"2023-09-12T10:10:54","slug":"quien-soy","status":"publish","type":"post","link":"https:\/\/katheineesquia.com\/?p=679","title":{"rendered":"\u00bfQui\u00e9n soy?"},"content":{"rendered":"<p style=\"text-align:justify;\">Hoy me enter\u00e9 que Altavista, el primer buscador en internet que us\u00e9 en mi vida (all\u00e1 por el lejano 1998), va a cerrar y decid\u00ed entrar para ver c\u00f3mo estaba la p\u00e1gina y ver si reconoc\u00eda mi nombre como lo hace Google, y resulta que me lanz\u00f3 un escrito que hab\u00eda olvidado.<\/p>\n<p style=\"text-align:justify;\">En pleno 2007 pasaba por una relaci\u00f3n tormentosa, la que se junto con el encuentro de una persona un tanto indeseable (en ese momento) y los dramas existenciales que me generaron una conocida del Gym (Energym, en ese entonces) que se sent\u00eda muy orgullosa de ser tratada como objeto, me llevaron a escribir este \u00abintento de poema\u00bb. A\u00fan no empezaba mi blog, no se me hab\u00eda dado por escribir, pero se nota la influencia de la Maria Emilia Cornejo. El texto me ha dejado sin palabras y no solo porque ahora le cambiar\u00eda algunos detalles, sino porque me asombra haber sido capaz de escribir algo tan visceral. Es m\u00e1s ni recordaba haberlo escrito. Me desconozco&#8230; \u00bfQui\u00e9n, rayos, soy? Me desconozco&#8230; :O)<\/p>\n<blockquote>\n<p style=\"text-align:center;\"><em>Soy un retazo de soledad ignorado en el espacio, <\/em><\/p>\n<\/blockquote>\n<p style=\"text-align:center;\"><em>la mujer que nadie toca por no llenarse de barro, <\/em><\/p>\n<p style=\"text-align:center;\"><em>aquella a la que alg\u00fan d\u00eda todos desearon, <\/em><\/p>\n<p style=\"text-align:center;\"><em>pero que hoy, repudiada en el tiempo, han olvidado.<\/em><\/p>\n<p style=\"text-align:center;\">\n<p style=\"text-align:center;\"><em><\/em><em>Soy la yaga manchada en la conciencia de unos cuantos<\/em><\/p>\n<p style=\"text-align:center;\"><em>el rezago maloliente de una noche cualquiera. <\/em><\/p>\n<p style=\"text-align:center;\"><em>Soy aquella a la que le escupen en la cara<\/em><\/p>\n<p style=\"text-align:center;\"><em>y solo por verg\u00fcenza todos la niegan.<\/em><\/p>\n<p style=\"text-align:center;\"><em><!--more--><\/em><\/p>\n<p style=\"text-align:center;\"><em>La mujer que fue expulsada humillada del infierno<\/em><\/p>\n<p style=\"text-align:center;\"><em>y la dejaron a su suerte abandonada en el llano,<\/em><\/p>\n<p style=\"text-align:center;\"><em>la que es constantemente desalojada de todos lados<\/em><\/p>\n<p style=\"text-align:center;\"><em>para no manchar con esti\u00e9rcol el espacio deseado.<\/em><\/p>\n<p style=\"text-align:center;\">\n<p style=\"text-align:center;\"><em>Soy aquella que se cubre con un manto de despecho y desconfianza,<\/em><\/p>\n<p style=\"text-align:center;\"><em>aquella que esconde en sus prendas que se siente menos que una ramera,<\/em><\/p>\n<p style=\"text-align:center;\"><em>rechazada y adolorida, siempre huyendo por desenga\u00f1o;<\/em><\/p>\n<p style=\"text-align:center;\"><em>humillada y arrastrada, sangrando, manchada voy llorando.<\/em><\/p>\n<p style=\"text-align:center;\">\n<p style=\"text-align:center;\"><em>Ni\u00f1a sumisa, sucia y olvidada que no acepta que su tiempo ha ca\u00eddo.<\/em><\/p>\n<p style=\"text-align:center;\"><em>Mujer que lucha contra s\u00ed misma para no morir en el olvido.<\/em><\/p>\n<p style=\"text-align:center;\"><em>Yo soy, marchita, enredada, manchada y repudiada <\/em><\/p>\n<p style=\"text-align:center;\"><em>esa que aparenta no ser alguien por no querer de dejar ser nada&#8230;<\/em><\/p>\n<p style=\"text-align:center;\">\n<p style=\"text-align:center;\">Han pasado seis a\u00f1os desde que lo escrib\u00ed. Algunas ideas han prevalecido, otras me parecen tan surrealistas. Como mencion\u00e9, no me reconozco. Creo que antes de escribir mi novela negra breve sobre el reino de le ef\u00edmero, escribir\u00e9 un poemario oscuro.<\/p>\n<p style=\"text-align:center;\"><img loading=\"lazy\" decoding=\"async\" class=\"alignnone aligncenter\" alt=\"\" src=\"http:\/\/www.definicionabc.com\/wp-content\/uploads\/depresion.jpg\" width=\"360\" height=\"270\" \/><\/p>\n","protected":false},"excerpt":{"rendered":"<p>Hoy me enter\u00e9 que Altavista, el primer buscador en internet que us\u00e9 en mi vida (all\u00e1 por el lejano 1998),&#8230;<\/p>\n","protected":false},"author":2,"featured_media":0,"comment_status":"open","ping_status":"closed","sticky":false,"template":"","format":"standard","meta":{"_jetpack_memberships_contains_paid_content":false,"footnotes":"","jetpack_publicize_message":"","jetpack_publicize_feature_enabled":true,"jetpack_social_post_already_shared":false,"jetpack_social_options":{"image_generator_settings":{"template":"highway","enabled":false},"version":2}},"categories":[250],"tags":[],"class_list":["post-679","post","type-post","status-publish","format-standard","hentry","category-reflexiones-2","post-archive"],"jetpack_publicize_connections":[],"jetpack_featured_media_url":"","jetpack-related-posts":[],"jetpack_sharing_enabled":true,"jetpack_likes_enabled":true,"_links":{"self":[{"href":"https:\/\/katheineesquia.com\/index.php?rest_route=\/wp\/v2\/posts\/679","targetHints":{"allow":["GET"]}}],"collection":[{"href":"https:\/\/katheineesquia.com\/index.php?rest_route=\/wp\/v2\/posts"}],"about":[{"href":"https:\/\/katheineesquia.com\/index.php?rest_route=\/wp\/v2\/types\/post"}],"author":[{"embeddable":true,"href":"https:\/\/katheineesquia.com\/index.php?rest_route=\/wp\/v2\/users\/2"}],"replies":[{"embeddable":true,"href":"https:\/\/katheineesquia.com\/index.php?rest_route=%2Fwp%2Fv2%2Fcomments&post=679"}],"version-history":[{"count":1,"href":"https:\/\/katheineesquia.com\/index.php?rest_route=\/wp\/v2\/posts\/679\/revisions"}],"predecessor-version":[{"id":899,"href":"https:\/\/katheineesquia.com\/index.php?rest_route=\/wp\/v2\/posts\/679\/revisions\/899"}],"wp:attachment":[{"href":"https:\/\/katheineesquia.com\/index.php?rest_route=%2Fwp%2Fv2%2Fmedia&parent=679"}],"wp:term":[{"taxonomy":"category","embeddable":true,"href":"https:\/\/katheineesquia.com\/index.php?rest_route=%2Fwp%2Fv2%2Fcategories&post=679"},{"taxonomy":"post_tag","embeddable":true,"href":"https:\/\/katheineesquia.com\/index.php?rest_route=%2Fwp%2Fv2%2Ftags&post=679"}],"curies":[{"name":"wp","href":"https:\/\/api.w.org\/{rel}","templated":true}]}}