{"id":744,"date":"2015-05-31T01:11:01","date_gmt":"2015-05-31T06:11:01","guid":{"rendered":"http:\/\/www.misskathy.net\/?p=744"},"modified":"2023-09-12T10:10:54","modified_gmt":"2023-09-12T10:10:54","slug":"con-voz-pero-sin-habla","status":"publish","type":"post","link":"https:\/\/katheineesquia.com\/?p=744","title":{"rendered":"Con voz, pero sin habla"},"content":{"rendered":"<p style=\"text-align:justify;\"><img loading=\"lazy\" decoding=\"async\" class=\" alignright\" src=\"http:\/\/www.psicologiahoy.com\/wp-content\/uploads\/2014\/08\/Afasia.jpg\" alt=\"\" width=\"272\" height=\"185\" \/>Hoy cumplo 35 a\u00f1os y si bien debiera escribir sobre reflexiones a la mitad del camino de mi vida, quiero escribir sobre un tema, que en este a\u00f1o en particular, me ha sensibilizado en extremo.<\/p>\n<p style=\"text-align:justify;\">Gracias al curso de Neuropsicolog\u00eda que llevo como parte de la maestr\u00eda que vengo cursando, mi profesora, la Dra. Rado nos present\u00f3 a dos pacientes: Santiago y don Julio. Ambos est\u00e1n casados, tienen hijos; ambos trabajaban para salir adelante; ambos llevaban vidas normales hasta que su cerebro se vio lastimado por diferentes motivos. Ambos tiene afasia.<\/p>\n<p style=\"text-align:justify;\"><strong>Santiago<\/strong>, procedente de Huaraz, \u00a0era joyero. Un d\u00eda viajando al norte, el bus en el que se trasladaba\u00a0se\u00a0accident\u00f3 y el qued\u00f3 inconsciente, a causa del trauma enc\u00e9falo craneano que sufri\u00f3. Cuando despert\u00f3 ten\u00eda una placa de metal y 50 puntos en el lado derecho de su cerebro. Estaba vivo, pero no pod\u00eda hablar. Fue un momento aterrador para \u00e9l. \u00a0El trauma que sufri\u00f3 Santiago afect\u00f3 el centro del lenguaje, que en la mayor\u00eda de nosotros se encuentra en nuestro l\u00f3bulo izquierdo, pero en Santiago este se encuentra en el lado contrario; por eso es que el trauma afect\u00f3\u00a0directamente su producci\u00f3n. Con terapia de por medio, Santiago ya puede hablar, pero no estructura bien sus\u00a0expresiones, no conecta las palabras. Ha tenido que aprender a escribir, a hablar y con m\u00e1s terapia podr\u00eda\u00a0mejorar su capacidad expresiva; sin embargo, no volver\u00e1 a trabajar como joyero, pues el lado izquierdo de su cuerpo ha dejado\u00a0secuelas en su pierna, brazo y mano, lo que para una persona zurda lo imposibilita de cualquier actividad.<!--more--><\/p>\n<p style=\"text-align:justify;\"><strong>Don Julio<\/strong> es profesor de Historia, deportista y los \u00faltimos a\u00f1os de su vida se dedic\u00f3 a trabajar en el Ministerio de Cultura, hasta que la ruptura de un aneurisma le gener\u00f3 una lesi\u00f3n que afect\u00f3 la parte comprensiva del lenguaje (el \u00e1rea de Wernicke). Cuando despert\u00f3 en la cl\u00ednica no hablaba, pero\u00a0luego de terapias continuas, recuper\u00f3 esta capacidad, aunque ahora no comprende lo que le dicen o entiende muy poco, lo que le dificulta seguir indicaciones o expresarse con un mensaje estructurado y comprensible. Como su esposa se\u00f1al\u00f3: \u00abJulio ya no es un hombre, es un ni\u00f1o\u00bb.<\/p>\n<p style=\"text-align:justify;\">Ambos, Santiago y don Julio, ten\u00edan una vida regular, ten\u00edan profesi\u00f3n y familia. Ambos no merec\u00edan lo que les ocurri\u00f3 y ambos luchan actualmente para salir adelante con los medios que cuentan. Ambos necesitan mucha ayuda, pero sobre todo paciencia.<\/p>\n<p style=\"text-align:justify;\">Julio tiene una familia que lo acompa\u00f1a y que seguir\u00e1 a su lado hasta el final. Su esposa, con la que tiene 45 a\u00f1os de matrimonio, siempre est\u00e1 a su lado, al igual que sus hijas. En el caso de Santiago, no. Su esposa tom\u00f3 a su hijo y\u00a0se fue; lo que hace este caso m\u00e1s triste. \u00bfC\u00f3mo enfrentar este trastorno estando solo?<\/p>\n<p style=\"text-align:justify;\">En ambos casos, debe ser muy duro estar con alguien\u00a0que dej\u00f3 de ser aquel que viv\u00eda a tu lado, alguien a quien hablas y no te responde como esperas; alguien\u00a0con voz, pero sin habla.<\/p>\n<p style=\"text-align:justify;\">Ambos casos me han sensibilizado mucho y me dejan pensando en toda la perfecci\u00f3n que se encuentra en nuestra humanidad, y a la vez, ambos casos me han brindado un gran ejemplo de c\u00f3mo, a pesar de todo, no debemos dejar de sonre\u00edr.<\/p>\n<p style=\"text-align:justify;\">Este a\u00f1o ha sido muy significativo para m\u00ed, estoy aprendiendo tanto, tanto&#8230; Realmente este es el mejor regalo que me pude hacer a m\u00ed misma.<\/p>\n<figure id=\"attachment_745\" aria-describedby=\"caption-attachment-745\" style=\"width: 500px\" class=\"wp-caption aligncenter\"><img loading=\"lazy\" decoding=\"async\" class=\"wp-image-745\" src=\"http:\/\/www.misskathy.net\/wp-content\/uploads\/2015\/05\/20150506_195309-1024x468.jpg\" alt=\"20150506_195309\" width=\"500\" height=\"228\" \/><figcaption id=\"caption-attachment-745\" class=\"wp-caption-text\">Santiago (en el medio y con polo azul) junto a las chicas de la Maestr\u00eda en Educaci\u00f3n con menci\u00f3n en Problemas de Aprendizaje (PUCP &#8211; CPAL)<\/figcaption><\/figure>\n<figure id=\"attachment_746\" aria-describedby=\"caption-attachment-746\" style=\"width: 499px\" class=\"wp-caption aligncenter\"><img loading=\"lazy\" decoding=\"async\" class=\"wp-image-746\" src=\"http:\/\/www.misskathy.net\/wp-content\/uploads\/2015\/05\/20150520_181521-1024x443.jpg\" alt=\"20150520_181521\" width=\"499\" height=\"216\" \/><figcaption id=\"caption-attachment-746\" class=\"wp-caption-text\">En el medio don Julio y su esposa, junto a las chicas de la maestr\u00eda.<\/figcaption><\/figure>\n","protected":false},"excerpt":{"rendered":"<p>Hoy cumplo 35 a\u00f1os y si bien debiera escribir sobre reflexiones a la mitad del camino de mi vida, quiero&#8230;<\/p>\n","protected":false},"author":2,"featured_media":0,"comment_status":"open","ping_status":"closed","sticky":false,"template":"","format":"standard","meta":{"_jetpack_memberships_contains_paid_content":false,"footnotes":"","jetpack_publicize_message":"","jetpack_publicize_feature_enabled":true,"jetpack_social_post_already_shared":false,"jetpack_social_options":{"image_generator_settings":{"template":"highway","enabled":false},"version":2}},"categories":[250],"tags":[],"class_list":["post-744","post","type-post","status-publish","format-standard","hentry","category-reflexiones-2","post-archive"],"jetpack_publicize_connections":[],"jetpack_featured_media_url":"","jetpack-related-posts":[],"jetpack_sharing_enabled":true,"jetpack_likes_enabled":true,"_links":{"self":[{"href":"https:\/\/katheineesquia.com\/index.php?rest_route=\/wp\/v2\/posts\/744","targetHints":{"allow":["GET"]}}],"collection":[{"href":"https:\/\/katheineesquia.com\/index.php?rest_route=\/wp\/v2\/posts"}],"about":[{"href":"https:\/\/katheineesquia.com\/index.php?rest_route=\/wp\/v2\/types\/post"}],"author":[{"embeddable":true,"href":"https:\/\/katheineesquia.com\/index.php?rest_route=\/wp\/v2\/users\/2"}],"replies":[{"embeddable":true,"href":"https:\/\/katheineesquia.com\/index.php?rest_route=%2Fwp%2Fv2%2Fcomments&post=744"}],"version-history":[{"count":1,"href":"https:\/\/katheineesquia.com\/index.php?rest_route=\/wp\/v2\/posts\/744\/revisions"}],"predecessor-version":[{"id":894,"href":"https:\/\/katheineesquia.com\/index.php?rest_route=\/wp\/v2\/posts\/744\/revisions\/894"}],"wp:attachment":[{"href":"https:\/\/katheineesquia.com\/index.php?rest_route=%2Fwp%2Fv2%2Fmedia&parent=744"}],"wp:term":[{"taxonomy":"category","embeddable":true,"href":"https:\/\/katheineesquia.com\/index.php?rest_route=%2Fwp%2Fv2%2Fcategories&post=744"},{"taxonomy":"post_tag","embeddable":true,"href":"https:\/\/katheineesquia.com\/index.php?rest_route=%2Fwp%2Fv2%2Ftags&post=744"}],"curies":[{"name":"wp","href":"https:\/\/api.w.org\/{rel}","templated":true}]}}